{"id":1839,"date":"2021-03-24T22:40:22","date_gmt":"2021-03-24T20:40:22","guid":{"rendered":"http:\/\/wilhelm-stedler-grundschule.de\/?p=1839"},"modified":"2024-08-28T14:54:08","modified_gmt":"2024-08-28T12:54:08","slug":"malwettbewerb-schulplaner","status":"publish","type":"post","link":"http:\/\/wilhelm-stedler-grundschule.de\/?p=1839","title":{"rendered":"Malwettbewerb f\u00fcr unseren Schulplaner 2024\/25"},"content":{"rendered":"\n<p>Wie schon in den vergangenen Jahren, fand \u00a0auch \u00a0in diesem Fr\u00fchjahr wieder ein Malwettbewerb statt. Alle Sch\u00fclerinnen und Sch\u00fcler der 3.\u00a0Klassen \u00a0konnten teilnehmen und ein Bild zu dem Motto\u00a0\u201cDas beste an unserer Schule\u201c einreichen. Die Kinder des Sch\u00fclerrates hatten dann die schwierige Aufgabe, aus den\u00a0zw\u00f6lf eingereichten Bildern, eines f\u00fcr unseren Schulplaner des n\u00e4chsten Schuljahres auszuw\u00e4hlen. Die Entscheidung fiel den Kindern\u00a0sehr schwer. Es gab mehrere Favoriten mit sehr unterschiedlichen Motiven. Schlie\u00dflich stimmten sie \u00a0f\u00fcr das Bild von\u00a0Jonathan H\u00e4cking\u00a0aus der 3a.<\/p>\n\n\n\n<p>F\u00fcr ihr Engagement erhielten alle Teilnehmerinnen und Teilnehmer &nbsp;einen&nbsp;Hausaufgabengutschein. Jonathan&nbsp;konnte sich zus\u00e4tzlich&nbsp;\u00fcber&nbsp;einen B\u00fcchergutschein freuen und sich damit einen kleinen Wunsch erf\u00fcllen.<\/p>\n","protected":false},"excerpt":{"rendered":"<p>Wie schon in den vergangenen Jahren, fand \u00a0auch \u00a0in diesem Fr\u00fchjahr wieder ein Malwettbewerb statt. Alle Sch\u00fclerinnen und Sch\u00fcler der 3.\u00a0Klassen \u00a0konnten teilnehmen und ein Bild zu dem Motto\u00a0\u201cDas beste an unserer Schule\u201c einreichen. Die Kinder des Sch\u00fclerrates hatten dann die schwierige Aufgabe, aus den\u00a0zw\u00f6lf eingereichten Bildern, eines f\u00fcr unseren Schulplaner des n\u00e4chsten Schuljahres auszuw\u00e4hlen&#8230;.<\/p>\n","protected":false},"author":1,"featured_media":0,"comment_status":"closed","ping_status":"closed","sticky":false,"template":"","format":"standard","meta":[],"categories":[1],"tags":[],"_links":{"self":[{"href":"http:\/\/wilhelm-stedler-grundschule.de\/index.php?rest_route=\/wp\/v2\/posts\/1839"}],"collection":[{"href":"http:\/\/wilhelm-stedler-grundschule.de\/index.php?rest_route=\/wp\/v2\/posts"}],"about":[{"href":"http:\/\/wilhelm-stedler-grundschule.de\/index.php?rest_route=\/wp\/v2\/types\/post"}],"author":[{"embeddable":true,"href":"http:\/\/wilhelm-stedler-grundschule.de\/index.php?rest_route=\/wp\/v2\/users\/1"}],"replies":[{"embeddable":true,"href":"http:\/\/wilhelm-stedler-grundschule.de\/index.php?rest_route=%2Fwp%2Fv2%2Fcomments&post=1839"}],"version-history":[{"count":6,"href":"http:\/\/wilhelm-stedler-grundschule.de\/index.php?rest_route=\/wp\/v2\/posts\/1839\/revisions"}],"predecessor-version":[{"id":2243,"href":"http:\/\/wilhelm-stedler-grundschule.de\/index.php?rest_route=\/wp\/v2\/posts\/1839\/revisions\/2243"}],"wp:attachment":[{"href":"http:\/\/wilhelm-stedler-grundschule.de\/index.php?rest_route=%2Fwp%2Fv2%2Fmedia&parent=1839"}],"wp:term":[{"taxonomy":"category","embeddable":true,"href":"http:\/\/wilhelm-stedler-grundschule.de\/index.php?rest_route=%2Fwp%2Fv2%2Fcategories&post=1839"},{"taxonomy":"post_tag","embeddable":true,"href":"http:\/\/wilhelm-stedler-grundschule.de\/index.php?rest_route=%2Fwp%2Fv2%2Ftags&post=1839"}],"curies":[{"name":"wp","href":"https:\/\/api.w.org\/{rel}","templated":true}]}}