{"id":1928,"date":"2022-01-17T20:56:34","date_gmt":"2022-01-17T18:56:34","guid":{"rendered":"http:\/\/wilhelm-stedler-grundschule.de\/?p=1928"},"modified":"2022-01-17T20:56:35","modified_gmt":"2022-01-17T18:56:35","slug":"weihnachtsstunde","status":"publish","type":"post","link":"http:\/\/wilhelm-stedler-grundschule.de\/?p=1928","title":{"rendered":"Weihnachtsstunde"},"content":{"rendered":"\n<p>Am letzten Schultag vor den Weihnachtsferien fand f\u00fcr alle Sch\u00fclerinnen und Sch\u00fcler eine kleine Weihnachtsfeier auf unserem Schulhof statt. F\u00fcr winterliche Weihnachtsstimmung sorgte schon das Wetter an diesem Morgen und schm\u00fcckte unseren Schulhof mit Raureif \u00fcberzogenen B\u00e4umen und Str\u00e4uchern. Ein gro\u00dfer Lichterstern aus vielen Kerzen brachte Licht in die morgendliche Dunkelheit. Gleich zu Beginn der 1.Stunde versammelten sich alle Klassen mit ihren Klassenlehrerinnen auf dem Schulhof. Dann wurde zu weihnachtlichen Liedern unter Anleitung von Frau Schwabe getanzt. Besonderen Spa\u00df hatten die Kinder bei dem Lied \u201eDer Weihnachtsmann ist dick geworden\u201c.\u00a0\u00a0\u00a0\u00a0\u00a0\u00a0\u00a0\u00a0\u00a0\u00a0\u00a0\u00a0\u00a0\u00a0\u00a0\u00a0\u00a0\u00a0\u00a0\u00a0\u00a0\u00a0\u00a0\u00a0\u00a0\u00a0\u00a0\u00a0\u00a0\u00a0\u00a0\u00a0\u00a0\u00a0Zum Abschluss w\u00fcnschte\u00a0\u00a0der Sch\u00fclerrat mit einem kleinen Beitrag sch\u00f6ne Ferien und verteilte an alle Kinder einen s\u00fc\u00dfen Feriengru\u00df.<\/p>\n\n\n\n<p>Euer Sch\u00fclerrat<\/p>\n\n\n\n<figure class=\"wp-block-image\"><img decoding=\"async\" loading=\"lazy\" width=\"640\" height=\"480\" src=\"http:\/\/wilhelm-stedler-grundschule.de\/wp-content\/uploads\/2022\/01\/IMG_2930.jpg\" alt=\"\" class=\"wp-image-1929\" srcset=\"http:\/\/wilhelm-stedler-grundschule.de\/wp-content\/uploads\/2022\/01\/IMG_2930.jpg 640w, http:\/\/wilhelm-stedler-grundschule.de\/wp-content\/uploads\/2022\/01\/IMG_2930-300x225.jpg 300w, http:\/\/wilhelm-stedler-grundschule.de\/wp-content\/uploads\/2022\/01\/IMG_2930-1x1.jpg 1w\" sizes=\"(max-width: 640px) 100vw, 640px\" \/><\/figure>\n\n\n\n<figure class=\"wp-block-image\"><img decoding=\"async\" loading=\"lazy\" width=\"640\" height=\"480\" src=\"http:\/\/wilhelm-stedler-grundschule.de\/wp-content\/uploads\/2022\/01\/IMG_2929.jpg\" alt=\"\" class=\"wp-image-1930\" srcset=\"http:\/\/wilhelm-stedler-grundschule.de\/wp-content\/uploads\/2022\/01\/IMG_2929.jpg 640w, http:\/\/wilhelm-stedler-grundschule.de\/wp-content\/uploads\/2022\/01\/IMG_2929-300x225.jpg 300w, http:\/\/wilhelm-stedler-grundschule.de\/wp-content\/uploads\/2022\/01\/IMG_2929-1x1.jpg 1w\" sizes=\"(max-width: 640px) 100vw, 640px\" \/><\/figure>\n","protected":false},"excerpt":{"rendered":"<p>Am letzten Schultag vor den Weihnachtsferien fand f\u00fcr alle Sch\u00fclerinnen und Sch\u00fcler eine kleine Weihnachtsfeier auf unserem Schulhof statt. F\u00fcr winterliche Weihnachtsstimmung sorgte schon das Wetter an diesem Morgen und schm\u00fcckte unseren Schulhof mit Raureif \u00fcberzogenen B\u00e4umen und Str\u00e4uchern. Ein gro\u00dfer Lichterstern aus vielen Kerzen brachte Licht in die morgendliche Dunkelheit. Gleich zu Beginn der&#8230;<\/p>\n","protected":false},"author":1,"featured_media":0,"comment_status":"closed","ping_status":"closed","sticky":false,"template":"","format":"standard","meta":[],"categories":[1],"tags":[],"_links":{"self":[{"href":"http:\/\/wilhelm-stedler-grundschule.de\/index.php?rest_route=\/wp\/v2\/posts\/1928"}],"collection":[{"href":"http:\/\/wilhelm-stedler-grundschule.de\/index.php?rest_route=\/wp\/v2\/posts"}],"about":[{"href":"http:\/\/wilhelm-stedler-grundschule.de\/index.php?rest_route=\/wp\/v2\/types\/post"}],"author":[{"embeddable":true,"href":"http:\/\/wilhelm-stedler-grundschule.de\/index.php?rest_route=\/wp\/v2\/users\/1"}],"replies":[{"embeddable":true,"href":"http:\/\/wilhelm-stedler-grundschule.de\/index.php?rest_route=%2Fwp%2Fv2%2Fcomments&post=1928"}],"version-history":[{"count":1,"href":"http:\/\/wilhelm-stedler-grundschule.de\/index.php?rest_route=\/wp\/v2\/posts\/1928\/revisions"}],"predecessor-version":[{"id":1931,"href":"http:\/\/wilhelm-stedler-grundschule.de\/index.php?rest_route=\/wp\/v2\/posts\/1928\/revisions\/1931"}],"wp:attachment":[{"href":"http:\/\/wilhelm-stedler-grundschule.de\/index.php?rest_route=%2Fwp%2Fv2%2Fmedia&parent=1928"}],"wp:term":[{"taxonomy":"category","embeddable":true,"href":"http:\/\/wilhelm-stedler-grundschule.de\/index.php?rest_route=%2Fwp%2Fv2%2Fcategories&post=1928"},{"taxonomy":"post_tag","embeddable":true,"href":"http:\/\/wilhelm-stedler-grundschule.de\/index.php?rest_route=%2Fwp%2Fv2%2Ftags&post=1928"}],"curies":[{"name":"wp","href":"https:\/\/api.w.org\/{rel}","templated":true}]}}