{"id":1952,"date":"2022-03-15T13:28:38","date_gmt":"2022-03-15T11:28:38","guid":{"rendered":"http:\/\/wilhelm-stedler-grundschule.de\/?p=1952"},"modified":"2022-03-15T13:28:39","modified_gmt":"2022-03-15T11:28:39","slug":"inklusionspass-info-bzgl-schulbegleitung-foerdergutachten-etc","status":"publish","type":"post","link":"http:\/\/wilhelm-stedler-grundschule.de\/?p=1952","title":{"rendered":"Inklusionspass Info bzgl. Schulbegleitung, F\u00f6rdergutachten etc."},"content":{"rendered":"\n<p>Wie melde ich mein Kind mit Behinderung an der Schule an? Was ist eine Schuleingangsuntersuchung? Und \u00fcberhaupt: Welche Schule kann ein Kind mit Behinderung besuchen? Diese Fragen stellen sich gerade betroffene Eltern, wenn es sich um die Einschulung geht. Oftmals wird es dann schnell un\u00fcbersichtlich, wenn es darum geht, wer in der Region und Stadt f\u00fcr welche Aufgaben zust\u00e4ndig und der richtige Ansprechpartner ist.<\/p>\n\n\n\n<p>Mit dem Inklusionspass hat der Verein Mittendrin Hannover e.V. \u2013 Verein f\u00fcr Inklusion eine Brosch\u00fcre herausgegeben, die f\u00fcr dieses spezielle Themenfeld kompakte Informationen und Adressen enth\u00e4lt.<\/p>\n\n\n\n<p>Au\u00dferdem finden Sie hier Informationen zum Thema Schulbegleitung.<\/p>\n\n\n\n<p><a href=\"http:\/\/www.inklusionskompass-hannover.de\/\">www.inklusionskompass-hannover.de<\/a><\/p>\n","protected":false},"excerpt":{"rendered":"<p>Wie melde ich mein Kind mit Behinderung an der Schule an? Was ist eine Schuleingangsuntersuchung? Und \u00fcberhaupt: Welche Schule kann ein Kind mit Behinderung besuchen? Diese Fragen stellen sich gerade betroffene Eltern, wenn es sich um die Einschulung geht. Oftmals wird es dann schnell un\u00fcbersichtlich, wenn es darum geht, wer in der Region und Stadt&#8230;<\/p>\n","protected":false},"author":1,"featured_media":0,"comment_status":"closed","ping_status":"closed","sticky":false,"template":"","format":"standard","meta":[],"categories":[1],"tags":[],"_links":{"self":[{"href":"http:\/\/wilhelm-stedler-grundschule.de\/index.php?rest_route=\/wp\/v2\/posts\/1952"}],"collection":[{"href":"http:\/\/wilhelm-stedler-grundschule.de\/index.php?rest_route=\/wp\/v2\/posts"}],"about":[{"href":"http:\/\/wilhelm-stedler-grundschule.de\/index.php?rest_route=\/wp\/v2\/types\/post"}],"author":[{"embeddable":true,"href":"http:\/\/wilhelm-stedler-grundschule.de\/index.php?rest_route=\/wp\/v2\/users\/1"}],"replies":[{"embeddable":true,"href":"http:\/\/wilhelm-stedler-grundschule.de\/index.php?rest_route=%2Fwp%2Fv2%2Fcomments&post=1952"}],"version-history":[{"count":1,"href":"http:\/\/wilhelm-stedler-grundschule.de\/index.php?rest_route=\/wp\/v2\/posts\/1952\/revisions"}],"predecessor-version":[{"id":1953,"href":"http:\/\/wilhelm-stedler-grundschule.de\/index.php?rest_route=\/wp\/v2\/posts\/1952\/revisions\/1953"}],"wp:attachment":[{"href":"http:\/\/wilhelm-stedler-grundschule.de\/index.php?rest_route=%2Fwp%2Fv2%2Fmedia&parent=1952"}],"wp:term":[{"taxonomy":"category","embeddable":true,"href":"http:\/\/wilhelm-stedler-grundschule.de\/index.php?rest_route=%2Fwp%2Fv2%2Fcategories&post=1952"},{"taxonomy":"post_tag","embeddable":true,"href":"http:\/\/wilhelm-stedler-grundschule.de\/index.php?rest_route=%2Fwp%2Fv2%2Ftags&post=1952"}],"curies":[{"name":"wp","href":"https:\/\/api.w.org\/{rel}","templated":true}]}}