{"id":1995,"date":"2022-12-20T17:26:48","date_gmt":"2022-12-20T15:26:48","guid":{"rendered":"http:\/\/wilhelm-stedler-grundschule.de\/?p=1995"},"modified":"2022-12-20T17:29:53","modified_gmt":"2022-12-20T15:29:53","slug":"die-kleine-hexe","status":"publish","type":"post","link":"http:\/\/wilhelm-stedler-grundschule.de\/?p=1995","title":{"rendered":"Die kleine Hexe &#8211; Weihnachtstheater"},"content":{"rendered":"\n<p>Gro\u00df und klein haben sich heute auf den Weg in das Theaterst\u00fcck \u201eDie kleine Hexe\u201c zum Schulzentrum am Spalterhals gemacht. Der Hin- und R\u00fcckweg war bei -4 Grad zwar etwas kalt, aber wir hatten riesig viel Spa\u00df! Es wurde gestaunt und geschw\u00e4rmt wegen der tollen Kost\u00fcme, aber nat\u00fcrlich auch gelacht und mitgeklatscht. Es war rundum ein gelungener Vormittag.<\/p>\n\n\n\n<ul class=\"wp-block-gallery columns-3 is-cropped wp-block-gallery-1 is-layout-flex\"><li class=\"blocks-gallery-item\"><figure><img decoding=\"async\" loading=\"lazy\" width=\"1024\" height=\"768\" src=\"http:\/\/wilhelm-stedler-grundschule.de\/wp-content\/uploads\/2022\/12\/IMG_5364-1024x768.jpg\" alt=\"\" data-id=\"1999\" class=\"wp-image-1999\" srcset=\"http:\/\/wilhelm-stedler-grundschule.de\/wp-content\/uploads\/2022\/12\/IMG_5364-1024x768.jpg 1024w, http:\/\/wilhelm-stedler-grundschule.de\/wp-content\/uploads\/2022\/12\/IMG_5364-300x225.jpg 300w, http:\/\/wilhelm-stedler-grundschule.de\/wp-content\/uploads\/2022\/12\/IMG_5364-768x576.jpg 768w, http:\/\/wilhelm-stedler-grundschule.de\/wp-content\/uploads\/2022\/12\/IMG_5364-1x1.jpg 1w\" sizes=\"(max-width: 1024px) 100vw, 1024px\" \/><\/figure><\/li><li class=\"blocks-gallery-item\"><figure><img decoding=\"async\" loading=\"lazy\" width=\"1024\" height=\"768\" src=\"http:\/\/wilhelm-stedler-grundschule.de\/wp-content\/uploads\/2022\/12\/392E8BC5-D17A-4FE8-9388-6C19560A8BDB-1024x768.jpeg\" alt=\"\" data-id=\"2001\" data-link=\"http:\/\/wilhelm-stedler-grundschule.de\/?attachment_id=2001#main\" class=\"wp-image-2001\" srcset=\"http:\/\/wilhelm-stedler-grundschule.de\/wp-content\/uploads\/2022\/12\/392E8BC5-D17A-4FE8-9388-6C19560A8BDB-1024x768.jpeg 1024w, http:\/\/wilhelm-stedler-grundschule.de\/wp-content\/uploads\/2022\/12\/392E8BC5-D17A-4FE8-9388-6C19560A8BDB-300x225.jpeg 300w, http:\/\/wilhelm-stedler-grundschule.de\/wp-content\/uploads\/2022\/12\/392E8BC5-D17A-4FE8-9388-6C19560A8BDB-768x576.jpeg 768w, http:\/\/wilhelm-stedler-grundschule.de\/wp-content\/uploads\/2022\/12\/392E8BC5-D17A-4FE8-9388-6C19560A8BDB-1x1.jpeg 1w\" sizes=\"(max-width: 1024px) 100vw, 1024px\" \/><\/figure><\/li><li class=\"blocks-gallery-item\"><figure><img decoding=\"async\" loading=\"lazy\" width=\"768\" height=\"1024\" src=\"http:\/\/wilhelm-stedler-grundschule.de\/wp-content\/uploads\/2022\/12\/IMG_5367-1-768x1024.jpg\" alt=\"\" data-id=\"2002\" data-link=\"http:\/\/wilhelm-stedler-grundschule.de\/?attachment_id=2002#main\" class=\"wp-image-2002\" srcset=\"http:\/\/wilhelm-stedler-grundschule.de\/wp-content\/uploads\/2022\/12\/IMG_5367-1-768x1024.jpg 768w, http:\/\/wilhelm-stedler-grundschule.de\/wp-content\/uploads\/2022\/12\/IMG_5367-1-225x300.jpg 225w, http:\/\/wilhelm-stedler-grundschule.de\/wp-content\/uploads\/2022\/12\/IMG_5367-1-1x1.jpg 1w\" sizes=\"(max-width: 768px) 100vw, 768px\" \/><\/figure><\/li><li class=\"blocks-gallery-item\"><figure><img decoding=\"async\" loading=\"lazy\" width=\"1024\" height=\"768\" src=\"http:\/\/wilhelm-stedler-grundschule.de\/wp-content\/uploads\/2022\/12\/IMG_5366-1-1024x768.jpg\" alt=\"\" data-id=\"2004\" data-link=\"http:\/\/wilhelm-stedler-grundschule.de\/?attachment_id=2004#main\" class=\"wp-image-2004\" srcset=\"http:\/\/wilhelm-stedler-grundschule.de\/wp-content\/uploads\/2022\/12\/IMG_5366-1-1024x768.jpg 1024w, http:\/\/wilhelm-stedler-grundschule.de\/wp-content\/uploads\/2022\/12\/IMG_5366-1-300x225.jpg 300w, http:\/\/wilhelm-stedler-grundschule.de\/wp-content\/uploads\/2022\/12\/IMG_5366-1-768x576.jpg 768w, http:\/\/wilhelm-stedler-grundschule.de\/wp-content\/uploads\/2022\/12\/IMG_5366-1-1x1.jpg 1w\" sizes=\"(max-width: 1024px) 100vw, 1024px\" \/><\/figure><\/li><\/ul>\n","protected":false},"excerpt":{"rendered":"<p>Gro\u00df und klein haben sich heute auf den Weg in das Theaterst\u00fcck \u201eDie kleine Hexe\u201c zum Schulzentrum am Spalterhals gemacht. Der Hin- und R\u00fcckweg war bei -4 Grad zwar etwas kalt, aber wir hatten riesig viel Spa\u00df! Es wurde gestaunt und geschw\u00e4rmt wegen der tollen Kost\u00fcme, aber nat\u00fcrlich auch gelacht und mitgeklatscht. Es war rundum&#8230;<\/p>\n","protected":false},"author":1,"featured_media":0,"comment_status":"closed","ping_status":"closed","sticky":false,"template":"","format":"standard","meta":[],"categories":[1],"tags":[],"_links":{"self":[{"href":"http:\/\/wilhelm-stedler-grundschule.de\/index.php?rest_route=\/wp\/v2\/posts\/1995"}],"collection":[{"href":"http:\/\/wilhelm-stedler-grundschule.de\/index.php?rest_route=\/wp\/v2\/posts"}],"about":[{"href":"http:\/\/wilhelm-stedler-grundschule.de\/index.php?rest_route=\/wp\/v2\/types\/post"}],"author":[{"embeddable":true,"href":"http:\/\/wilhelm-stedler-grundschule.de\/index.php?rest_route=\/wp\/v2\/users\/1"}],"replies":[{"embeddable":true,"href":"http:\/\/wilhelm-stedler-grundschule.de\/index.php?rest_route=%2Fwp%2Fv2%2Fcomments&post=1995"}],"version-history":[{"count":3,"href":"http:\/\/wilhelm-stedler-grundschule.de\/index.php?rest_route=\/wp\/v2\/posts\/1995\/revisions"}],"predecessor-version":[{"id":2008,"href":"http:\/\/wilhelm-stedler-grundschule.de\/index.php?rest_route=\/wp\/v2\/posts\/1995\/revisions\/2008"}],"wp:attachment":[{"href":"http:\/\/wilhelm-stedler-grundschule.de\/index.php?rest_route=%2Fwp%2Fv2%2Fmedia&parent=1995"}],"wp:term":[{"taxonomy":"category","embeddable":true,"href":"http:\/\/wilhelm-stedler-grundschule.de\/index.php?rest_route=%2Fwp%2Fv2%2Fcategories&post=1995"},{"taxonomy":"post_tag","embeddable":true,"href":"http:\/\/wilhelm-stedler-grundschule.de\/index.php?rest_route=%2Fwp%2Fv2%2Ftags&post=1995"}],"curies":[{"name":"wp","href":"https:\/\/api.w.org\/{rel}","templated":true}]}}